{"id":1394,"date":"2025-03-04T07:52:31","date_gmt":"2025-03-04T06:52:31","guid":{"rendered":"https:\/\/www.amicidellaterra-nebrodi.org\/blog\/?p=1394"},"modified":"2025-03-04T07:52:31","modified_gmt":"2025-03-04T06:52:31","slug":"ritorno-alle-radici-per-preservare-la-biodiversita-con-il-pomodoro-seccagno-una-varieta-che-non-richiede-acqua-scopriamo-perche-di-carlotta-virginia-panza-su-cucina-italiana","status":"publish","type":"post","link":"https:\/\/www.amicidellaterra-nebrodi.org\/blog\/?p=1394","title":{"rendered":"Ritorno alle radici per preservare la biodiversit\u00e0 con il pomodoro seccagno, una variet\u00e0 che non richiede acqua. Scopriamo perch\u00e9. Di Carlotta Virginia Panza su Cucina Italiana"},"content":{"rendered":"\n<figure class=\"wp-block-image size-full is-resized\"><a href=\"https:\/\/www.amicidellaterra-nebrodi.org\/blog\/wp-content\/uploads\/2025\/03\/Prima-di-copertina-Pomodoro-seccagno.jpg\"><img loading=\"lazy\" decoding=\"async\" width=\"320\" height=\"180\" src=\"https:\/\/www.amicidellaterra-nebrodi.org\/blog\/wp-content\/uploads\/2025\/03\/Prima-di-copertina-Pomodoro-seccagno.jpg\" alt=\"\" class=\"wp-image-1395\" style=\"width:1218px;height:auto\" srcset=\"https:\/\/www.amicidellaterra-nebrodi.org\/blog\/wp-content\/uploads\/2025\/03\/Prima-di-copertina-Pomodoro-seccagno.jpg 320w, https:\/\/www.amicidellaterra-nebrodi.org\/blog\/wp-content\/uploads\/2025\/03\/Prima-di-copertina-Pomodoro-seccagno-300x169.jpg 300w\" sizes=\"auto, (max-width: 320px) 100vw, 320px\" \/><\/a><\/figure>\n\n\n\n<p class=\"has-white-color has-text-color has-link-color wp-elements-c645e628e62f8fbab9d9726851472d16\"><\/p>\n\n\n\n<p>Di<strong> Carlotta Virginia Panza<\/strong><\/p>\n\n\n\n<p><a href=\"https:\/\/www.lacucinaitaliana.it\/gallery\/pomodoro-seccagno-risparmia-acqua\">https:\/\/www.lacucinaitaliana.it\/gallery\/pomodoro-seccagno-risparmia-acqua<\/a><\/p>\n\n\n\n<p>Nell&#8217;entroterra siciliano e sull&#8217;isola vulcanica di&nbsp;<a href=\"https:\/\/www.lacucinaitaliana.it\/storie\/chef-cuochi\/alla-scoperta-di-salina-con-la-chef-martina-caruso\/\" target=\"_blank\" rel=\"noreferrer noopener\">Salina<\/a>&nbsp;esiste una variet\u00e0 di pomodoro che&nbsp;<strong>agevola il risparmio idrico<\/strong>&nbsp;e salva tanta fatica in orto: il&nbsp;<strong>pomodoro seccagno<\/strong>. Coltivato da secoli in Sicilia, si trova principalmente in terreni aridi e caldi che subiscono delle forti escursioni termiche tra il giorno e la notte. L&#8217;isola di Salina&nbsp;<strong>non possiede fonti di acqua<\/strong>, obbligando le famiglie di agricoltori ad adattarsi alle condizioni, prediligendo la coltivazione di ortaggi antichi e tenaci, preservando cos\u00ec il patrimonio di&nbsp;<a href=\"https:\/\/www.lacucinaitaliana.it\/news\/cucina\/biodiversita-italia-futuro-che-ci-aspetta\/\" target=\"_blank\" rel=\"noreferrer noopener\">biodiversit\u00e0<\/a>.&nbsp;<\/p>\n\n\n\n<p>Come coltivare i pomodori senza acqua?<\/p>\n\n\n\n<p>Il pomodoro seccagno nasce in&nbsp;<strong>zone molto secche<\/strong>, luoghi in cui la pioggia scarseggia, soprattutto&nbsp;<a href=\"https:\/\/www.lacucinaitaliana.it\/news\/cucina\/25-ricette-integrali-per-lestate\/\" target=\"_blank\" rel=\"noreferrer noopener\">d&#8217;estate<\/a>, il periodo in cui cresce e viene raccolto il pomodoro. Dopo aver disossato il terreno &#8211; preferibilmente sabbioso e argilloso &#8211; si piantano i pomodori, che necessiteranno l&#8217;annaffiamento solamente nei&nbsp;<strong>primi 3 giorni<\/strong>. Successivamente, il pomodoro seccagno bilancia la mancanza di acqua piovana assorbendo umidit\u00e0 dal terreno e dalle&nbsp;<strong>forti escursioni termiche<\/strong>, che rinfrescano le piante di notte.&nbsp;<\/p>\n\n\n\n<p>\u00c8 importante seminare il pomodoro seccagno in una zona che riceve moltissimo\u00a0<strong>sole ed \u00e8 esposta al caldo<\/strong>. Si tratta di una variet\u00e0 di pomodoro che si \u00e8 adattata alla perfezione nel corso degli anni ai cambiamenti climatici che ha subito la Sicilia e ai periodi di forte\u00a0<a href=\"https:\/\/www.lacucinaitaliana.it\/article\/siccita-come-risparmiare-acqua-in-cucina\/\" target=\"_blank\" rel=\"noreferrer noopener\">siccit\u00e0<\/a>. In modo totalmente naturale e autonomo, il pomodoro seccagno\u00a0<strong>prospera senza essere annaffiato<\/strong>; anzi, ne soffrirebbe. Si tratta di un&#8217;agricoltura totalmente biologica e senza pesticidi, grazie alla buccia particolarmente spessa del pomodoro, che \u00e8 un\u00a0<strong>repellente naturale<\/strong>\u00a0per tutti gli insetti.\u00a0<\/p>\n\n\n\n<p>Come si conserva il pomodoro seccagno?<\/p>\n\n\n\n<p>Il pomodoro seccagno \u00e8 una pianta dalle&nbsp;<a href=\"https:\/\/www.lacucinaitaliana.it\/gallery\/stoccafisso-baccala-storia-italia\/\" target=\"_blank\" rel=\"noreferrer noopener\">origini antichissime<\/a>, per secoli&nbsp;<strong>una delle poche fonti di autosostentamento<\/strong>&nbsp;alimentare invernale degli abitanti dell&#8217;isola di Salina. Rispetto ad altri pomodori, il seccagno \u00e8 prevalentemente coltivato per&nbsp;<strong>uso personale<\/strong>, poich\u00e9 la resa finale non abbonda e il prodotto \u00e8 molto&nbsp;<a href=\"https:\/\/www.lacucinaitaliana.it\/gallery\/come-scegliere-pomodoro-camone-litalia-mangia-sempre-meglio-1\/\" target=\"_blank\" rel=\"noreferrer noopener\">rustico<\/a>, dal sapore deciso e antico.&nbsp;<\/p>\n\n\n\n<p>L&#8217;associazione di&nbsp;<a href=\"https:\/\/www.amicidellaterra-nebrodi.org\/blog\/\" target=\"_blank\" rel=\"noreferrer noopener\">Amici della Terra &#8211; Nebrodi<\/a>&nbsp;svolge un importantissimo lavoro di&nbsp;<strong>didattica interattiva<\/strong>&nbsp;sull&#8217;isola di Salina, con lo scopo di&nbsp;<strong>divulgare<\/strong>&nbsp;e quindi&nbsp;<strong>preservare le antiche variet\u00e0<\/strong>&nbsp;e la biodiversit\u00e0 presente nel territorio, le&nbsp;<a href=\"https:\/\/www.lacucinaitaliana.it\/ricetta\/antipasti\/pane-cunzato-alla-siciliana\/\" target=\"_blank\" rel=\"noreferrer noopener\">ricette<\/a>&nbsp;e le trasformazioni tipiche. \u00abA seguito del raccolto, i pomodori vengono appesi sulle ninfe (appositi oggetti artigianali fatti di canne, ndr) sotto le tettoie e sulle terrazze delle case Eoliane, in modo che i pomodori non si tocchino tra di loro e grazie al vento si asciughino, perdendo acqua e maturando al punto giusto\u00bb, racconta la presidente Maria D&#8217;Amico.&nbsp;<\/p>\n\n\n\n<p>Alcuni dei semi vengono&nbsp;<a href=\"https:\/\/www.lacucinaitaliana.it\/tutorial\/i-consigli\/salsa-pomodoro-ricetta-nonna-originale\/\" target=\"_blank\" rel=\"noreferrer noopener\">preservati<\/a>&nbsp;per l&#8217;anno successivo, mentre il resto del raccolto viene immerso in salamoia e poi sigillato in barattoli di vetro, seccato al sole oppure&nbsp;<strong>lasciato sulle ninfe<\/strong>&nbsp;fino alla primavera successiva e consumato fresco. A oggi ci sono poche persone che conoscono, coltivano e consumano il&nbsp;<strong>pomodoro seccagno<\/strong>, rendendo ancora pi\u00f9 significativo il lavoro di narrazione e divulgazione da parte di associazioni, ristoranti e produttori. Il pomodoro seccagno di Salina significa&nbsp;<strong>cultura, tradizione e innovazione<\/strong>.&nbsp;<\/p>\n\n\n\n<figure class=\"wp-block-image size-full is-resized\"><a href=\"https:\/\/www.amicidellaterra-nebrodi.org\/blog\/wp-content\/uploads\/2025\/03\/Pomododi-seccagni-appesi-in-terrazza.jpg\"><img loading=\"lazy\" decoding=\"async\" width=\"320\" height=\"180\" src=\"https:\/\/www.amicidellaterra-nebrodi.org\/blog\/wp-content\/uploads\/2025\/03\/Pomododi-seccagni-appesi-in-terrazza.jpg\" alt=\"\" class=\"wp-image-1396\" style=\"width:1217px;height:auto\" srcset=\"https:\/\/www.amicidellaterra-nebrodi.org\/blog\/wp-content\/uploads\/2025\/03\/Pomododi-seccagni-appesi-in-terrazza.jpg 320w, https:\/\/www.amicidellaterra-nebrodi.org\/blog\/wp-content\/uploads\/2025\/03\/Pomododi-seccagni-appesi-in-terrazza-300x169.jpg 300w\" sizes=\"auto, (max-width: 320px) 100vw, 320px\" \/><\/a><\/figure>\n\n\n\n<p><strong>Terrazze Eoliane<\/strong><\/p>\n\n\n\n<p>I pomodori seccagni appesi sulle ninfe ad asciugare nella terrazza di Francesco e Maria, che tramite\u00a0<a href=\"https:\/\/www.siciliaecogastronomica.com\/\" target=\"_blank\" rel=\"noreferrer noopener\">Sicilia Ecogastronomica<\/a>  <a href=\"https:\/\/www.siciliaecogastronomica.com\/\">https:\/\/www.siciliaecogastronomica.com\/<\/a> \u00a0organizzano giornate esperienziali di cucina attorno ai prodotti e alle tradizioni Eoliane.<\/p>\n\n\n\n<figure class=\"wp-block-image size-full is-resized\"><a href=\"https:\/\/www.amicidellaterra-nebrodi.org\/blog\/wp-content\/uploads\/2025\/03\/Pasta-alleoliana.jpg\"><img loading=\"lazy\" decoding=\"async\" width=\"320\" height=\"427\" src=\"https:\/\/www.amicidellaterra-nebrodi.org\/blog\/wp-content\/uploads\/2025\/03\/Pasta-alleoliana.jpg\" alt=\"\" class=\"wp-image-1397\" style=\"width:1218px;height:auto\" srcset=\"https:\/\/www.amicidellaterra-nebrodi.org\/blog\/wp-content\/uploads\/2025\/03\/Pasta-alleoliana.jpg 320w, https:\/\/www.amicidellaterra-nebrodi.org\/blog\/wp-content\/uploads\/2025\/03\/Pasta-alleoliana-225x300.jpg 225w\" sizes=\"auto, (max-width: 320px) 100vw, 320px\" \/><\/a><\/figure>\n\n\n\n<p><strong>Pasta all&#8217;Eoliana<\/strong><\/p>\n\n\n\n<p>Un intingolo meraviglioso di capperi, pomodori seccagni, cipolle e olio di oliva compone uno dei piatti pi\u00f9 amati dell&#8217;isola.<\/p>\n\n\n\n<figure class=\"wp-block-image size-full is-resized\"><a href=\"https:\/\/www.amicidellaterra-nebrodi.org\/blog\/wp-content\/uploads\/2025\/03\/Valdichiesa.jpg\"><img loading=\"lazy\" decoding=\"async\" width=\"320\" height=\"214\" src=\"https:\/\/www.amicidellaterra-nebrodi.org\/blog\/wp-content\/uploads\/2025\/03\/Valdichiesa.jpg\" alt=\"\" class=\"wp-image-1398\" style=\"width:1216px;height:auto\" srcset=\"https:\/\/www.amicidellaterra-nebrodi.org\/blog\/wp-content\/uploads\/2025\/03\/Valdichiesa.jpg 320w, https:\/\/www.amicidellaterra-nebrodi.org\/blog\/wp-content\/uploads\/2025\/03\/Valdichiesa-300x201.jpg 300w\" sizes=\"auto, (max-width: 320px) 100vw, 320px\" \/><\/a><\/figure>\n\n\n\n<p><strong>Salina, l&#8217;isola verde<\/strong><\/p>\n\n\n\n<p>La vallata verde di Valdichiesa e di Leni, dove vengono coltivati i pomodori seccagni, tra le due vette dell&#8217;isola di Salina, Monte dei Porri e Monte delle Felci.<\/p>\n\n\n\n<figure class=\"wp-block-image size-full is-resized\"><a href=\"https:\/\/www.amicidellaterra-nebrodi.org\/blog\/wp-content\/uploads\/2025\/03\/pomodori-secchi.jpg\"><img loading=\"lazy\" decoding=\"async\" width=\"320\" height=\"213\" src=\"https:\/\/www.amicidellaterra-nebrodi.org\/blog\/wp-content\/uploads\/2025\/03\/pomodori-secchi.jpg\" alt=\"\" class=\"wp-image-1399\" style=\"width:1218px;height:auto\" srcset=\"https:\/\/www.amicidellaterra-nebrodi.org\/blog\/wp-content\/uploads\/2025\/03\/pomodori-secchi.jpg 320w, https:\/\/www.amicidellaterra-nebrodi.org\/blog\/wp-content\/uploads\/2025\/03\/pomodori-secchi-300x200.jpg 300w\" sizes=\"auto, (max-width: 320px) 100vw, 320px\" \/><\/a><\/figure>\n\n\n\n<p><strong>Pomodori secchi<\/strong><\/p>\n\n\n\n<p>Uno dei metodi di conservazione pi\u00f9 comuni dei pomodori seccagni (e non solo) \u00e8 di farli asciugare ed essiccare al sole.<\/p>\n\n\n\n<figure class=\"wp-block-image size-full is-resized\"><a href=\"https:\/\/www.amicidellaterra-nebrodi.org\/blog\/wp-content\/uploads\/2025\/03\/passata-di-pomodoro-2.jpg\"><img loading=\"lazy\" decoding=\"async\" width=\"320\" height=\"248\" src=\"https:\/\/www.amicidellaterra-nebrodi.org\/blog\/wp-content\/uploads\/2025\/03\/passata-di-pomodoro-2.jpg\" alt=\"\" class=\"wp-image-1402\" style=\"width:1217px;height:auto\" srcset=\"https:\/\/www.amicidellaterra-nebrodi.org\/blog\/wp-content\/uploads\/2025\/03\/passata-di-pomodoro-2.jpg 320w, https:\/\/www.amicidellaterra-nebrodi.org\/blog\/wp-content\/uploads\/2025\/03\/passata-di-pomodoro-2-300x233.jpg 300w\" sizes=\"auto, (max-width: 320px) 100vw, 320px\" \/><\/a><\/figure>\n\n\n\n<p><strong>Passata di pomodoro\u00a0<\/strong><\/p>\n\n\n\n<p>Il confezionamento della&nbsp;<a href=\"https:\/\/www.lacucinaitaliana.it\/tutorial\/i-consigli\/come-fare-una-passata-di-pomodoro-perfetta\/\" target=\"_blank\" rel=\"noreferrer noopener\">passata di pomodoro<\/a>&nbsp;(rustica se con i semi e le bucce) \u00e8 sempre un&#8217;occasione estremamente conviviale. Intere famiglie si riuniscono e dividono i compiti, per poi riportarsi a casa una parte del bottino<\/p>\n\n\n\n<figure class=\"wp-block-image size-full is-resized\"><a href=\"https:\/\/www.amicidellaterra-nebrodi.org\/blog\/wp-content\/uploads\/2025\/03\/Carlotta-Panza.jpg\"><img loading=\"lazy\" decoding=\"async\" width=\"90\" height=\"90\" src=\"https:\/\/www.amicidellaterra-nebrodi.org\/blog\/wp-content\/uploads\/2025\/03\/Carlotta-Panza.jpg\" alt=\"\" class=\"wp-image-1403\" style=\"width:117px;height:auto\"\/><\/a><\/figure>\n\n\n\n<p><strong>Carlotta Virginia Panza<\/strong> Gastronoma,&nbsp;cuoca per passione e buona forchetta, specializzata nella comunicazione e divulgazione dell\u2019enogastronomia Italiana nel mondo.&nbsp;Ad accompagnare le sue avventure enogastronomiche in giro per l&#8217;italia \u00e8 il suo blog e nome d\u2019arte:&nbsp;<em>La Panza Piena.<\/em>&nbsp;&#8230;&nbsp;<a href=\"https:\/\/www.lacucinaitaliana.it\/contributor\/carlotta-panza\">Read more<\/a><\/p>\n\n\n\n<p>TAGS <a href=\"https:\/\/www.lacucinaitaliana.it\/topic\/sicilia\/\">Sicilia<\/a> <a href=\"https:\/\/www.lacucinaitaliana.it\/topic\/pomodoro\/\">pomodoro<\/a><a href=\"https:\/\/www.lacucinaitaliana.it\/topic\/pomodori\/\"> <\/a><a href=\"https:\/\/www.lacucinaitaliana.it\/topic\/pomodori\/\">pomodori<\/a> <a href=\"https:\/\/www.lacucinaitaliana.it\/topic\/cucina-siciliana\/\">cucina siciliana<\/a> <a href=\"https:\/\/www.lacucinaitaliana.it\/topic\/ambiente\/\">Ambiente<\/a> <a href=\"https:\/\/www.lacucinaitaliana.it\/topic\/sostenibilita\/\">sostenibilit\u00e0<\/a><\/p>\n\n\n\n<p><\/p>\n","protected":false},"excerpt":{"rendered":"<p>Di Carlotta Virginia Panza https:\/\/www.lacucinaitaliana.it\/gallery\/pomodoro-seccagno-risparmia-acqua Nell&#8217;entroterra siciliano e sull&#8217;isola vulcanica di&nbsp;Salina&nbsp;esiste una variet\u00e0 di pomodoro che&nbsp;agevola il risparmio idrico&nbsp;e salva tanta fatica in orto: il&nbsp;pomodoro seccagno. Coltivato da secoli in Sicilia, si trova principalmente in terreni aridi e caldi che<\/p>\n","protected":false},"author":3,"featured_media":0,"comment_status":"closed","ping_status":"closed","sticky":false,"template":"","format":"standard","meta":{"footnotes":""},"categories":[64,8,4,1,119,5],"tags":[127,129,131,124,126,42,125,130,128],"class_list":["post-1394","post","type-post","status-publish","format-standard","hentry","category-amici-della-terra-club-nebrodi-editore","category-eventi","category-lassociazione","category-news","category-pomodoro-seccagno-di-salina","category-progetti","tag-cambiamenti-climatici","tag-cucina-siciliana","tag-isola-di-salina","tag-pomodoro-seccagno-di-salina","tag-risparmio-idrico","tag-sicilia","tag-sostenibilita","tag-terrazze-eoliane","tag-valdichiesa"],"_links":{"self":[{"href":"https:\/\/www.amicidellaterra-nebrodi.org\/blog\/index.php?rest_route=\/wp\/v2\/posts\/1394","targetHints":{"allow":["GET"]}}],"collection":[{"href":"https:\/\/www.amicidellaterra-nebrodi.org\/blog\/index.php?rest_route=\/wp\/v2\/posts"}],"about":[{"href":"https:\/\/www.amicidellaterra-nebrodi.org\/blog\/index.php?rest_route=\/wp\/v2\/types\/post"}],"author":[{"embeddable":true,"href":"https:\/\/www.amicidellaterra-nebrodi.org\/blog\/index.php?rest_route=\/wp\/v2\/users\/3"}],"replies":[{"embeddable":true,"href":"https:\/\/www.amicidellaterra-nebrodi.org\/blog\/index.php?rest_route=%2Fwp%2Fv2%2Fcomments&post=1394"}],"version-history":[{"count":1,"href":"https:\/\/www.amicidellaterra-nebrodi.org\/blog\/index.php?rest_route=\/wp\/v2\/posts\/1394\/revisions"}],"predecessor-version":[{"id":1404,"href":"https:\/\/www.amicidellaterra-nebrodi.org\/blog\/index.php?rest_route=\/wp\/v2\/posts\/1394\/revisions\/1404"}],"wp:attachment":[{"href":"https:\/\/www.amicidellaterra-nebrodi.org\/blog\/index.php?rest_route=%2Fwp%2Fv2%2Fmedia&parent=1394"}],"wp:term":[{"taxonomy":"category","embeddable":true,"href":"https:\/\/www.amicidellaterra-nebrodi.org\/blog\/index.php?rest_route=%2Fwp%2Fv2%2Fcategories&post=1394"},{"taxonomy":"post_tag","embeddable":true,"href":"https:\/\/www.amicidellaterra-nebrodi.org\/blog\/index.php?rest_route=%2Fwp%2Fv2%2Ftags&post=1394"}],"curies":[{"name":"wp","href":"https:\/\/api.w.org\/{rel}","templated":true}]}}