{"id":1262,"date":"2022-01-06T19:16:25","date_gmt":"2022-01-06T18:16:25","guid":{"rendered":"http:\/\/www.amicidellaterra-nebrodi.org\/blog\/?p=1262"},"modified":"2022-01-10T16:25:18","modified_gmt":"2022-01-10T15:25:18","slug":"sicilia-tropicale-la-promozione-della-frutta-biologica","status":"publish","type":"post","link":"https:\/\/www.amicidellaterra-nebrodi.org\/blog\/?p=1262","title":{"rendered":"Sicilia tropicale: la promozione della frutta biologica"},"content":{"rendered":"\n<p>Ha preso il via il progetto &#8220;<strong>Sicilia Tropicale<\/strong>&#8220;,  finanziato dal Dipartimento Regionale delle attivit\u00e0 Produttive, che prevede la promozione della frutta biologica tropicale coltivata in Sicilia. L&#8217;obiettivo principale \u00e8 quello di incentivare il consumo della frutta tropicale, coltivata prevalentemente nel territorio messinese ormai da diversi anni,  e responsabilizzare i consumatori alla corretta alimentazione a chilometri zero e coltivata in biologico. Kiwi, avocado, mango, frutto della passione e papaia vengono raccolti quando sono gi\u00e0 maturi e arrivano direttamente sulle nostre tavole senza affrontare lunghi viaggi  durante i quali i frutti, raccolti acerbi, maturano nelle celle frigorifero. Le azioni progettuali prevedono importanti momenti di comunicazione sia attraverso i social che attraverso eventi organizzati nel territorio messinese (Nebrodi e Isole Eolie), ma anche attraverso un sito web che diventer\u00e0 una piazza virtuale per dare spazio ai produttori dell&#8217;agroalimentare.<\/p>\n\n\n\n<p>In questi giorni, e per tutto il mese di gennaio, una food blogger incontrer\u00e0 produttori e consumatori nei porti della Sicilia per presentare il progetto, valorizzare le caratteristiche e la qualit\u00e0 dei prodotti biologici certificati e informare sui benefici del loro consumo e puntare l&#8217;attenzione sulla sostenibilit\u00e0 ambientale anche in termini di riciclo, riuso, risparmio idrico, sulla sostenibilit\u00e0 sociale ed economica. I porti siciliani saranno raggiunti in barca a vela&#8230; un invito quindi a seguire le attivit\u00e0 e rimanere sempre aggiornati.<\/p>\n\n\n\n<p>Sito web in costruzione: <strong>www.siciliatropicale.it<\/strong><\/p>\n\n\n\n<p><\/p>\n","protected":false},"excerpt":{"rendered":"<p>Ha preso il via il progetto &#8220;Sicilia Tropicale&#8220;, finanziato dal Dipartimento Regionale delle attivit\u00e0 Produttive, che prevede la promozione della frutta biologica tropicale coltivata in Sicilia. L&#8217;obiettivo principale \u00e8 quello di incentivare il consumo della frutta tropicale, coltivata prevalentemente nel<\/p>\n","protected":false},"author":4,"featured_media":0,"comment_status":"closed","ping_status":"closed","sticky":true,"template":"","format":"standard","meta":{"footnotes":""},"categories":[1,5,47],"tags":[42,41],"class_list":["post-1262","post","type-post","status-publish","format-standard","hentry","category-news","category-progetti","category-sicilia-tropicale","tag-sicilia","tag-sicilia-tropicale"],"_links":{"self":[{"href":"https:\/\/www.amicidellaterra-nebrodi.org\/blog\/index.php?rest_route=\/wp\/v2\/posts\/1262","targetHints":{"allow":["GET"]}}],"collection":[{"href":"https:\/\/www.amicidellaterra-nebrodi.org\/blog\/index.php?rest_route=\/wp\/v2\/posts"}],"about":[{"href":"https:\/\/www.amicidellaterra-nebrodi.org\/blog\/index.php?rest_route=\/wp\/v2\/types\/post"}],"author":[{"embeddable":true,"href":"https:\/\/www.amicidellaterra-nebrodi.org\/blog\/index.php?rest_route=\/wp\/v2\/users\/4"}],"replies":[{"embeddable":true,"href":"https:\/\/www.amicidellaterra-nebrodi.org\/blog\/index.php?rest_route=%2Fwp%2Fv2%2Fcomments&post=1262"}],"version-history":[{"count":2,"href":"https:\/\/www.amicidellaterra-nebrodi.org\/blog\/index.php?rest_route=\/wp\/v2\/posts\/1262\/revisions"}],"predecessor-version":[{"id":1290,"href":"https:\/\/www.amicidellaterra-nebrodi.org\/blog\/index.php?rest_route=\/wp\/v2\/posts\/1262\/revisions\/1290"}],"wp:attachment":[{"href":"https:\/\/www.amicidellaterra-nebrodi.org\/blog\/index.php?rest_route=%2Fwp%2Fv2%2Fmedia&parent=1262"}],"wp:term":[{"taxonomy":"category","embeddable":true,"href":"https:\/\/www.amicidellaterra-nebrodi.org\/blog\/index.php?rest_route=%2Fwp%2Fv2%2Fcategories&post=1262"},{"taxonomy":"post_tag","embeddable":true,"href":"https:\/\/www.amicidellaterra-nebrodi.org\/blog\/index.php?rest_route=%2Fwp%2Fv2%2Ftags&post=1262"}],"curies":[{"name":"wp","href":"https:\/\/api.w.org\/{rel}","templated":true}]}}