{"id":1074,"date":"2018-08-23T18:32:01","date_gmt":"2018-08-23T17:32:01","guid":{"rendered":"http:\/\/www.amicidellaterra-nebrodi.org\/blog\/?p=1074"},"modified":"2018-08-23T19:04:14","modified_gmt":"2018-08-23T18:04:14","slug":"la-ricchezza-dellantico","status":"publish","type":"post","link":"https:\/\/www.amicidellaterra-nebrodi.org\/blog\/?p=1074","title":{"rendered":"La ricchezza dell&#8217;antico"},"content":{"rendered":"<p>I visitatori che per la prima volta visitano Salina e scoprono l&#8217;isola in tutta la sua bellezza, non possono che rimanere affascinati dalla sua storia. Presso il laghetto di Lingua, all&#8217;estremit\u00e0 sudorientale dell&#8217;isola, si conservano i resti di un impianto produttivo di sale risalente ad epoca romana. Le vasche erano ben visibili fino al XVIII secolo ma oggi sono sommerse dalle acque del lago e non pi\u00f9 visibili. Si sa per\u00f2 che il primo impianto \u00e8 databile al I secolo d.C.\u00a0 e che nel tempo ha subito diverse ristrutturazioni. Per chi volesse approfondire la storia delle saline\u00a0 di Lingua si suggerisce di visitare il museo archeologico e civico di prendere visione dei pannelli didattici ai margini del laghetto. In uno dei pannelli, vi \u00e8 la riproduzione di una stampa del famoso viaggiatore Houel che nel 1770 ha visitato le Isole Eolie.<\/p>\n<p><a href=\"https:\/\/www.amicidellaterra-nebrodi.org\/blog\/wp-content\/uploads\/2018\/08\/pannello-saline.jpg\"><img loading=\"lazy\" decoding=\"async\" class=\"alignnone size-medium wp-image-1079\" src=\"https:\/\/www.amicidellaterra-nebrodi.org\/blog\/wp-content\/uploads\/2018\/08\/pannello-saline-169x300.jpg\" alt=\"\" width=\"169\" height=\"300\" srcset=\"https:\/\/www.amicidellaterra-nebrodi.org\/blog\/wp-content\/uploads\/2018\/08\/pannello-saline-169x300.jpg 169w, https:\/\/www.amicidellaterra-nebrodi.org\/blog\/wp-content\/uploads\/2018\/08\/pannello-saline-768x1365.jpg 768w, https:\/\/www.amicidellaterra-nebrodi.org\/blog\/wp-content\/uploads\/2018\/08\/pannello-saline-576x1024.jpg 576w, https:\/\/www.amicidellaterra-nebrodi.org\/blog\/wp-content\/uploads\/2018\/08\/pannello-saline.jpg 873w\" sizes=\"auto, (max-width: 169px) 100vw, 169px\" \/>\u00a0\u00a0\u00a0\u00a0\u00a0\u00a0\u00a0\u00a0<\/a><a href=\"https:\/\/www.amicidellaterra-nebrodi.org\/blog\/wp-content\/uploads\/2018\/08\/WP_20180602_18_24_48_Pro-e1535044749514.jpg\"><img loading=\"lazy\" decoding=\"async\" class=\"alignnone wp-image-1077 size-medium\" src=\"https:\/\/www.amicidellaterra-nebrodi.org\/blog\/wp-content\/uploads\/2018\/08\/WP_20180602_18_24_48_Pro-e1535044749514-169x300.jpg\" alt=\"\" width=\"169\" height=\"300\" \/><\/a><\/p>\n<p>&nbsp;<\/p>\n","protected":false},"excerpt":{"rendered":"<p>I visitatori che per la prima volta visitano Salina e scoprono l&#8217;isola in tutta la sua bellezza, non possono che rimanere affascinati dalla sua storia. Presso il laghetto di Lingua, all&#8217;estremit\u00e0 sudorientale dell&#8217;isola, si conservano i resti di un impianto<\/p>\n","protected":false},"author":5,"featured_media":1077,"comment_status":"closed","ping_status":"closed","sticky":false,"template":"","format":"standard","meta":{"footnotes":""},"categories":[1],"tags":[18,16],"class_list":["post-1074","post","type-post","status-publish","format-standard","has-post-thumbnail","hentry","category-news","tag-circuito-museale-di-lingua","tag-musei-di-santa-maria-salina"],"_links":{"self":[{"href":"https:\/\/www.amicidellaterra-nebrodi.org\/blog\/index.php?rest_route=\/wp\/v2\/posts\/1074","targetHints":{"allow":["GET"]}}],"collection":[{"href":"https:\/\/www.amicidellaterra-nebrodi.org\/blog\/index.php?rest_route=\/wp\/v2\/posts"}],"about":[{"href":"https:\/\/www.amicidellaterra-nebrodi.org\/blog\/index.php?rest_route=\/wp\/v2\/types\/post"}],"author":[{"embeddable":true,"href":"https:\/\/www.amicidellaterra-nebrodi.org\/blog\/index.php?rest_route=\/wp\/v2\/users\/5"}],"replies":[{"embeddable":true,"href":"https:\/\/www.amicidellaterra-nebrodi.org\/blog\/index.php?rest_route=%2Fwp%2Fv2%2Fcomments&post=1074"}],"version-history":[{"count":2,"href":"https:\/\/www.amicidellaterra-nebrodi.org\/blog\/index.php?rest_route=\/wp\/v2\/posts\/1074\/revisions"}],"predecessor-version":[{"id":1080,"href":"https:\/\/www.amicidellaterra-nebrodi.org\/blog\/index.php?rest_route=\/wp\/v2\/posts\/1074\/revisions\/1080"}],"wp:featuredmedia":[{"embeddable":true,"href":"https:\/\/www.amicidellaterra-nebrodi.org\/blog\/index.php?rest_route=\/wp\/v2\/media\/1077"}],"wp:attachment":[{"href":"https:\/\/www.amicidellaterra-nebrodi.org\/blog\/index.php?rest_route=%2Fwp%2Fv2%2Fmedia&parent=1074"}],"wp:term":[{"taxonomy":"category","embeddable":true,"href":"https:\/\/www.amicidellaterra-nebrodi.org\/blog\/index.php?rest_route=%2Fwp%2Fv2%2Fcategories&post=1074"},{"taxonomy":"post_tag","embeddable":true,"href":"https:\/\/www.amicidellaterra-nebrodi.org\/blog\/index.php?rest_route=%2Fwp%2Fv2%2Ftags&post=1074"}],"curies":[{"name":"wp","href":"https:\/\/api.w.org\/{rel}","templated":true}]}}